{"id":33017,"date":"2026-04-28T08:47:37","date_gmt":"2026-04-28T12:47:37","guid":{"rendered":"https:\/\/yacarros.com\/noticias\/?p=33017"},"modified":"2026-04-28T08:48:14","modified_gmt":"2026-04-28T12:48:14","slug":"el-kia-ev9-se-desploma-en-precio-el-suv-electrico-de-lujo-ahora-cuesta-la-mitad-en-segunda-mano","status":"publish","type":"post","link":"https:\/\/yacarros.com\/noticias\/el-kia-ev9-se-desploma-en-precio-el-suv-electrico-de-lujo-ahora-cuesta-la-mitad-en-segunda-mano\/","title":{"rendered":"El Kia EV9 se desploma en precio: el SUV el\u00e9ctrico de lujo ahora cuesta la mitad en segunda mano"},"content":{"rendered":"<p><\/p>\n<p data-start=\"116\" data-end=\"516\">La <strong data-start=\"119\" data-end=\"135\">depreciaci\u00f3n<\/strong> est\u00e1 golpeando con fuerza al mercado de los veh\u00edculos el\u00e9ctricos, y uno de los casos m\u00e1s llamativos es el <strong data-start=\"242\" data-end=\"253\">Kia EV9<\/strong>, un SUV de tres filas que hasta hace poco se posicionaba como uno de los modelos familiares m\u00e1s completos del segmento. Hoy, unidades con menos de 10,000 millas pueden encontrarse por alrededor de <strong data-start=\"451\" data-end=\"462\">$28,000<\/strong>, una cifra que sorprende frente a su precio original.<\/p>\n<p data-start=\"518\" data-end=\"898\">Este escenario abre una oportunidad \u00fanica para quienes buscan dar el salto a la movilidad el\u00e9ctrica sin pagar el coste de un veh\u00edculo nuevo. De hecho, cada vez es m\u00e1s com\u00fan encontrar aut\u00e9nticas gangas en plataformas especializadas en <strong data-start=\"752\" data-end=\"792\">veh\u00edculos el\u00e9ctricos de segunda mano<\/strong>, como <a href=\"http:\/\/yacarros.com\">compra de SUV el\u00e9ctricos usados<\/a>, donde la oferta sigue creciendo.<\/p>\n<h3 data-section-id=\"rq0gdx\" data-start=\"900\" data-end=\"954\">Un SUV el\u00e9ctrico premium ahora mucho m\u00e1s accesible<\/h3>\n<p data-start=\"956\" data-end=\"1196\">El <strong data-start=\"959\" data-end=\"970\">Kia EV9<\/strong> ha sido ampliamente reconocido por su dise\u00f1o, tecnolog\u00eda y capacidad para transportar hasta siete pasajeros con comodidad. Sin embargo, como ocurre con muchos el\u00e9ctricos, su valor cae r\u00e1pidamente tras salir del concesionario.<\/p>\n<p data-start=\"1198\" data-end=\"1572\">Para ponerlo en contexto, el modelo m\u00e1s asequible de 2026 arranca en <strong data-start=\"1267\" data-end=\"1278\">$56,545<\/strong>, mientras que versiones usadas con poco kilometraje pueden encontrarse por casi la mitad. Incluso variantes m\u00e1s equipadas como el <strong data-start=\"1409\" data-end=\"1421\">Wind AWD<\/strong> rondan los <strong data-start=\"1433\" data-end=\"1444\">$30,000<\/strong>, y el exclusivo <strong data-start=\"1461\" data-end=\"1472\">GT-Line<\/strong> \u2014que supera los $70,000 nuevo\u2014 se puede adquirir por menos de <strong data-start=\"1535\" data-end=\"1546\">$40,000<\/strong> en el mercado de ocasi\u00f3n.<\/p>\n<h3 data-section-id=\"1m1ki60\" data-start=\"1574\" data-end=\"1612\">Prestaciones que siguen destacando<\/h3>\n<p data-start=\"1614\" data-end=\"1972\">A pesar de su depreciaci\u00f3n, el EV9 mantiene argumentos s\u00f3lidos. Su autonom\u00eda var\u00eda entre <strong data-start=\"1703\" data-end=\"1723\">230 y 280 millas<\/strong>, dependiendo de la versi\u00f3n, y su arquitectura de <strong data-start=\"1773\" data-end=\"1788\">800 voltios<\/strong> permite cargas r\u00e1pidas del 10 al 80 % en apenas 24 minutos. Esto lo convierte en un veh\u00edculo ideal para familias que buscan <strong data-start=\"1913\" data-end=\"1941\">eficiencia y practicidad<\/strong> sin renunciar a la tecnolog\u00eda.<\/p>\n<h3 data-section-id=\"uc3p1o\" data-start=\"1974\" data-end=\"2014\">\u00bfQu\u00e9 hay de los problemas conocidos?<\/h3>\n<p data-start=\"2016\" data-end=\"2306\">No todo es perfecto. El EV9 comparte plataforma con otros modelos del grupo Hyundai-Kia, algunos de los cuales han presentado fallos en la <strong data-start=\"2155\" data-end=\"2202\">Unidad de Control de Carga Integrada (ICCU)<\/strong>. Este componente es clave para la gesti\u00f3n energ\u00e9tica del veh\u00edculo, y ha generado quejas entre usuarios.<\/p>\n<p data-start=\"2308\" data-end=\"2570\">Sin embargo, hay matices importantes: el EV9 no ha sido objeto de retiradas oficiales por este problema, y la marca ha respondido ampliando garant\u00edas en modelos relacionados hasta <strong data-start=\"2488\" data-end=\"2516\">15 a\u00f1os o 180,000 millas<\/strong>, lo que aporta cierta tranquilidad a los compradores.<\/p>\n<h3 data-section-id=\"10fvgc6\" data-start=\"2572\" data-end=\"2610\">Una oportunidad dif\u00edcil de ignorar<\/h3>\n<p data-start=\"2612\" data-end=\"2949\" data-is-last-node=\"\" data-is-only-node=\"\">Para quienes buscan un SUV el\u00e9ctrico espacioso, moderno y ahora mucho m\u00e1s asequible, el momento actual del <strong data-start=\"2719\" data-end=\"2730\">Kia EV9<\/strong> en el mercado de segunda mano es dif\u00edcil de pasar por alto. La fuerte depreciaci\u00f3n, lejos de ser una desventaja para todos, se convierte en una <strong data-start=\"2875\" data-end=\"2895\">gran oportunidad<\/strong> para compradores inteligentes que saben d\u00f3nde buscar.<\/p>\n<p><\/p>","protected":false},"excerpt":{"rendered":"<p>La depreciaci\u00f3n est\u00e1 golpeando con fuerza al mercado de los veh\u00edculos el\u00e9ctricos, y uno de los casos m\u00e1s llamativos es el Kia EV9, un SUV de tres filas que hasta hace poco se posicionaba [&hellip;]<\/p>\n","protected":false},"author":1,"featured_media":33018,"comment_status":"closed","ping_status":"closed","sticky":false,"template":"","format":"standard","meta":{"_acf_changed":false,"rop_custom_images_group":[],"rop_custom_messages_group":[],"rop_publish_now":"no","rop_publish_now_accounts":{"facebook_5019085524858059_101809561859010":""},"rop_publish_now_history":[{"account":"facebook_5019085524858059_101809561859010","service":"facebook","timestamp":1777380485,"status":"success"}],"rop_publish_now_status":"done","footnotes":""},"categories":[5],"tags":[],"class_list":["post-33017","post","type-post","status-publish","format-standard","has-post-thumbnail","hentry","category-kia"],"acf":[],"_links":{"self":[{"href":"https:\/\/yacarros.com\/noticias\/wp-json\/wp\/v2\/posts\/33017","targetHints":{"allow":["GET"]}}],"collection":[{"href":"https:\/\/yacarros.com\/noticias\/wp-json\/wp\/v2\/posts"}],"about":[{"href":"https:\/\/yacarros.com\/noticias\/wp-json\/wp\/v2\/types\/post"}],"author":[{"embeddable":true,"href":"https:\/\/yacarros.com\/noticias\/wp-json\/wp\/v2\/users\/1"}],"replies":[{"embeddable":true,"href":"https:\/\/yacarros.com\/noticias\/wp-json\/wp\/v2\/comments?post=33017"}],"version-history":[{"count":3,"href":"https:\/\/yacarros.com\/noticias\/wp-json\/wp\/v2\/posts\/33017\/revisions"}],"predecessor-version":[{"id":33081,"href":"https:\/\/yacarros.com\/noticias\/wp-json\/wp\/v2\/posts\/33017\/revisions\/33081"}],"wp:featuredmedia":[{"embeddable":true,"href":"https:\/\/yacarros.com\/noticias\/wp-json\/wp\/v2\/media\/33018"}],"wp:attachment":[{"href":"https:\/\/yacarros.com\/noticias\/wp-json\/wp\/v2\/media?parent=33017"}],"wp:term":[{"taxonomy":"category","embeddable":true,"href":"https:\/\/yacarros.com\/noticias\/wp-json\/wp\/v2\/categories?post=33017"},{"taxonomy":"post_tag","embeddable":true,"href":"https:\/\/yacarros.com\/noticias\/wp-json\/wp\/v2\/tags?post=33017"}],"curies":[{"name":"wp","href":"https:\/\/api.w.org\/{rel}","templated":true}]}}